{"id":10211,"date":"2026-04-28T09:56:13","date_gmt":"2026-04-28T09:56:13","guid":{"rendered":"https:\/\/sitac.transdev-hdf.fr\/?p=10211"},"modified":"2026-04-28T09:56:43","modified_gmt":"2026-04-28T09:56:43","slug":"perturbations-lignes-1a-et-1b-2-et-03-05","status":"publish","type":"post","link":"https:\/\/sitac.transdev-hdf.fr\/index.php\/2026\/04\/28\/perturbations-lignes-1a-et-1b-2-et-03-05\/","title":{"rendered":"Perturbations lignes 1A et 1B &#8211; 02 et 03\/05"},"content":{"rendered":"\n<p>n raison de la braderie bd de l&rsquo;Egalit\u00e9 du samedi 02\/05 \u00e0 14h00 au dimanche 03\/05 \u00e0 21h00, la ligne 1A\/1B sera d\u00e9vi\u00e9e.<\/p>\n\n\n\n<p>Arr\u00eats non desservis :<br>\u00ab\u00a0Balzac\u00a0\u00bb<\/p>\n\n\n\n<p>\u00ab\u00a0La Fontaine\u00a0\u00bb<\/p>\n\n\n\n<p>\u00ab\u00a0Nation\u00a0\u00bb dans le sens vers Marck.<\/p>\n\n\n\n<p>Se rapprocher de :<br>\u00ab\u00a0Julien Denis\u00a0\u00bb<\/p>\n\n\n\n<p>\u00ab\u00a0Brampton\u00a0\u00bb<\/p>\n\n\n\n<p>\u00ab\u00a0Nation\u00a0\u00bb bd Victor Hugo de la ligne 8 vers Virval<\/p>\n\n\n\n<p>Merci de votre compr\u00e9hension<\/p>\n\n\n\n<figure class=\"wp-block-gallery has-nested-images columns-default is-cropped wp-block-gallery-1 is-layout-flex\">\n<figure class=\"wp-block-image size-large\"><img decoding=\"async\" loading=\"lazy\" width=\"936\" height=\"676\" data-id=\"10212\"  src=\"https:\/\/sitac.transdev-hdf.fr\/wp-content\/uploads\/2026\/04\/Ligne-1-fermeture-bd-Egalite-Copie-2.png\" alt=\"\" class=\"wp-image-10212\" srcset=\"https:\/\/sitac.transdev-hdf.fr\/wp-content\/uploads\/2026\/04\/Ligne-1-fermeture-bd-Egalite-Copie-2.png 936w, https:\/\/sitac.transdev-hdf.fr\/wp-content\/uploads\/2026\/04\/Ligne-1-fermeture-bd-Egalite-Copie-2-300x217.png 300w, https:\/\/sitac.transdev-hdf.fr\/wp-content\/uploads\/2026\/04\/Ligne-1-fermeture-bd-Egalite-Copie-2-768x555.png 768w\" sizes=\"(max-width: 936px) 100vw, 936px\" \/><\/figure>\n<\/figure>\n","protected":false},"excerpt":{"rendered":"<p>n raison de la braderie bd de l&rsquo;Egalit\u00e9 du samedi 02\/05 \u00e0 14h00 au dimanche 03\/05 \u00e0 21h00, la ligne 1A\/1B sera d\u00e9vi\u00e9e. Arr\u00eats non desservis :\u00ab\u00a0Balzac\u00a0\u00bb \u00ab\u00a0La Fontaine\u00a0\u00bb \u00ab\u00a0Nation\u00a0\u00bb dans le sens vers Marck. Se rapprocher de :\u00ab\u00a0Julien Denis\u00a0\u00bb \u00ab\u00a0Brampton\u00a0\u00bb \u00ab\u00a0Nation\u00a0\u00bb bd Victor Hugo de la ligne 8 vers Virval Merci de votre compr\u00e9hension<\/p>\n","protected":false},"author":4,"featured_media":0,"comment_status":"closed","ping_status":"closed","sticky":false,"template":"","format":"standard","meta":{"_expiration-date-status":"","_expiration-date":0,"_expiration-date-type":"","_expiration-date-categories":[],"_expiration-date-options":[]},"categories":[17,21],"tags":[],"_links":{"self":[{"href":"https:\/\/sitac.transdev-hdf.fr\/index.php\/wp-json\/wp\/v2\/posts\/10211"}],"collection":[{"href":"https:\/\/sitac.transdev-hdf.fr\/index.php\/wp-json\/wp\/v2\/posts"}],"about":[{"href":"https:\/\/sitac.transdev-hdf.fr\/index.php\/wp-json\/wp\/v2\/types\/post"}],"author":[{"embeddable":true,"href":"https:\/\/sitac.transdev-hdf.fr\/index.php\/wp-json\/wp\/v2\/users\/4"}],"replies":[{"embeddable":true,"href":"https:\/\/sitac.transdev-hdf.fr\/index.php\/wp-json\/wp\/v2\/comments?post=10211"}],"version-history":[{"count":2,"href":"https:\/\/sitac.transdev-hdf.fr\/index.php\/wp-json\/wp\/v2\/posts\/10211\/revisions"}],"predecessor-version":[{"id":10214,"href":"https:\/\/sitac.transdev-hdf.fr\/index.php\/wp-json\/wp\/v2\/posts\/10211\/revisions\/10214"}],"wp:attachment":[{"href":"https:\/\/sitac.transdev-hdf.fr\/index.php\/wp-json\/wp\/v2\/media?parent=10211"}],"wp:term":[{"taxonomy":"category","embeddable":true,"href":"https:\/\/sitac.transdev-hdf.fr\/index.php\/wp-json\/wp\/v2\/categories?post=10211"},{"taxonomy":"post_tag","embeddable":true,"href":"https:\/\/sitac.transdev-hdf.fr\/index.php\/wp-json\/wp\/v2\/tags?post=10211"}],"curies":[{"name":"wp","href":"https:\/\/api.w.org\/{rel}","templated":true}]}}