{"id":10225,"date":"2026-04-30T14:53:27","date_gmt":"2026-04-30T14:53:27","guid":{"rendered":"https:\/\/sitac.transdev-hdf.fr\/?p=10225"},"modified":"2026-04-30T14:54:34","modified_gmt":"2026-04-30T14:54:34","slug":"perturbations-ligne-3-et-baladin-a-compter-du-04-05","status":"publish","type":"post","link":"https:\/\/sitac.transdev-hdf.fr\/index.php\/2026\/04\/30\/perturbations-ligne-3-et-baladin-a-compter-du-04-05\/","title":{"rendered":"Perturbations Ligne 3 et Balad&rsquo;in &#8211; A compter du 04\/05"},"content":{"rendered":"\n<p>En raison de l&rsquo;\u00e9volution des travaux bd des Alli\u00e9s \u00e0 compter du 04\/05, les lignes 3 et Balad&rsquo;in seront d\u00e9vi\u00e9es.<\/p>\n\n\n\n<p>Arr\u00eats non desservis :<br>Pour la ligne 3 : \u00ab\u00a0CCI\u00a0\u00bb &nbsp;et \u00ab\u00a0Phare\u00a0\u00bb vers Clinique du Virval<\/p>\n\n\n\n<p>Pour la Balad&rsquo;in : \u00ab\u00a0CCI\u00a0\u00bb et \u00ab\u00a0Matelote\u00a0\u00bb vers Terminal Ferry<\/p>\n\n\n\n<p>Se rapprocher de :<br>Pour la ligne 3 &nbsp;: \u00ab\u00a0Gavet\u00a0\u00bb ou arr\u00eat Balad&rsquo;in \u00ab\u00a0Place de l&rsquo;Europe\u00a0\u00bb<\/p>\n\n\n\n<p>Pour la Balad&rsquo;in : \u00ab\u00a0Place d&rsquo;Armes\u00a0\u00bb ou arr\u00eat provisoire rue Eug\u00e8ne Rivet (voir plan).&nbsp;<\/p>\n\n\n\n<p>Merci de votre compr\u00e9hension<\/p>\n\n\n\n<figure class=\"wp-block-gallery has-nested-images columns-default is-cropped wp-block-gallery-1 is-layout-flex\">\n<figure class=\"wp-block-image size-large\"><img decoding=\"async\" loading=\"lazy\" width=\"1024\" height=\"610\" data-id=\"10226\"  src=\"https:\/\/sitac.transdev-hdf.fr\/wp-content\/uploads\/2026\/04\/Travaux-bd-des-Allies-a-partir-du-04.05-1024x610.png\" alt=\"\" class=\"wp-image-10226\" srcset=\"https:\/\/sitac.transdev-hdf.fr\/wp-content\/uploads\/2026\/04\/Travaux-bd-des-Allies-a-partir-du-04.05-1024x610.png 1024w, https:\/\/sitac.transdev-hdf.fr\/wp-content\/uploads\/2026\/04\/Travaux-bd-des-Allies-a-partir-du-04.05-300x179.png 300w, https:\/\/sitac.transdev-hdf.fr\/wp-content\/uploads\/2026\/04\/Travaux-bd-des-Allies-a-partir-du-04.05-768x458.png 768w, https:\/\/sitac.transdev-hdf.fr\/wp-content\/uploads\/2026\/04\/Travaux-bd-des-Allies-a-partir-du-04.05.png 1133w\" sizes=\"(max-width: 1024px) 100vw, 1024px\" \/><\/figure>\n<\/figure>\n\n\n\n<figure class=\"wp-block-image size-full\"><img decoding=\"async\" loading=\"lazy\" width=\"943\" height=\"919\" src=\"https:\/\/sitac.transdev-hdf.fr\/wp-content\/uploads\/2026\/04\/Bal-Travaux-bd-des-Allies-a-partir-du-04.05.png\" alt=\"\" class=\"wp-image-10227\" srcset=\"https:\/\/sitac.transdev-hdf.fr\/wp-content\/uploads\/2026\/04\/Bal-Travaux-bd-des-Allies-a-partir-du-04.05.png 943w, https:\/\/sitac.transdev-hdf.fr\/wp-content\/uploads\/2026\/04\/Bal-Travaux-bd-des-Allies-a-partir-du-04.05-300x292.png 300w, https:\/\/sitac.transdev-hdf.fr\/wp-content\/uploads\/2026\/04\/Bal-Travaux-bd-des-Allies-a-partir-du-04.05-768x748.png 768w\" sizes=\"(max-width: 943px) 100vw, 943px\" \/><\/figure>\n","protected":false},"excerpt":{"rendered":"<p>En raison de l&rsquo;\u00e9volution des travaux bd des Alli\u00e9s \u00e0 compter du 04\/05, les lignes 3 et Balad&rsquo;in seront d\u00e9vi\u00e9es. Arr\u00eats non desservis :Pour la ligne 3 : \u00ab\u00a0CCI\u00a0\u00bb &nbsp;et \u00ab\u00a0Phare\u00a0\u00bb vers Clinique du Virval Pour la Balad&rsquo;in : \u00ab\u00a0CCI\u00a0\u00bb et \u00ab\u00a0Matelote\u00a0\u00bb vers Terminal Ferry Se rapprocher de :Pour la ligne 3 &nbsp;: \u00ab\u00a0Gavet\u00a0\u00bb ou &hellip; <\/p>\n<p class=\"link-more\"><a href=\"https:\/\/sitac.transdev-hdf.fr\/index.php\/2026\/04\/30\/perturbations-ligne-3-et-baladin-a-compter-du-04-05\/\" class=\"more-link\">Continuer la lecture <span class=\"screen-reader-text\"> \u00ab\u00a0Perturbations Ligne 3 et Balad&rsquo;in &#8211; A compter du 04\/05\u00a0\u00bb<\/span><\/a><\/p>\n","protected":false},"author":4,"featured_media":0,"comment_status":"closed","ping_status":"closed","sticky":false,"template":"","format":"standard","meta":{"_expiration-date-status":"","_expiration-date":0,"_expiration-date-type":"","_expiration-date-categories":[],"_expiration-date-options":[]},"categories":[17,35,23],"tags":[],"_links":{"self":[{"href":"https:\/\/sitac.transdev-hdf.fr\/index.php\/wp-json\/wp\/v2\/posts\/10225"}],"collection":[{"href":"https:\/\/sitac.transdev-hdf.fr\/index.php\/wp-json\/wp\/v2\/posts"}],"about":[{"href":"https:\/\/sitac.transdev-hdf.fr\/index.php\/wp-json\/wp\/v2\/types\/post"}],"author":[{"embeddable":true,"href":"https:\/\/sitac.transdev-hdf.fr\/index.php\/wp-json\/wp\/v2\/users\/4"}],"replies":[{"embeddable":true,"href":"https:\/\/sitac.transdev-hdf.fr\/index.php\/wp-json\/wp\/v2\/comments?post=10225"}],"version-history":[{"count":2,"href":"https:\/\/sitac.transdev-hdf.fr\/index.php\/wp-json\/wp\/v2\/posts\/10225\/revisions"}],"predecessor-version":[{"id":10229,"href":"https:\/\/sitac.transdev-hdf.fr\/index.php\/wp-json\/wp\/v2\/posts\/10225\/revisions\/10229"}],"wp:attachment":[{"href":"https:\/\/sitac.transdev-hdf.fr\/index.php\/wp-json\/wp\/v2\/media?parent=10225"}],"wp:term":[{"taxonomy":"category","embeddable":true,"href":"https:\/\/sitac.transdev-hdf.fr\/index.php\/wp-json\/wp\/v2\/categories?post=10225"},{"taxonomy":"post_tag","embeddable":true,"href":"https:\/\/sitac.transdev-hdf.fr\/index.php\/wp-json\/wp\/v2\/tags?post=10225"}],"curies":[{"name":"wp","href":"https:\/\/api.w.org\/{rel}","templated":true}]}}