{"id":10783,"date":"2026-09-01T11:38:49","date_gmt":"2026-09-01T11:38:49","guid":{"rendered":"https:\/\/sitac.transdev-hdf.fr\/?p=10783"},"modified":"2026-09-01T11:38:49","modified_gmt":"2026-09-01T11:38:49","slug":"perturbation-ligne-7-le-02-09","status":"publish","type":"post","link":"https:\/\/sitac.transdev-hdf.fr\/index.php\/2026\/09\/01\/perturbation-ligne-7-le-02-09\/","title":{"rendered":"Perturbation Ligne 7 &#8211; le 02\/09"},"content":{"rendered":"\n<p>En raison de travaux av Charles de Gaulle sur la commune de Coulogne le 02\/09, la ligne 7 (par mairie annexe) sera d\u00e9vi\u00e9e uniquement dans le sens vers H\u00f4pital \u00e0 compter de 07h30.<\/p>\n\n\n\n<ul>\n<li><strong><u>&nbsp;Arr\u00eats non desservis :<\/u><\/strong><\/li>\n<\/ul>\n\n\n\n<p>\u00ab\u00a0Pont \u00e0 3 planches\u00a0\u00bb, \u00ab\u00a0Ecole Roger Macke\u00a0\u00bb et \u00ab\u00a0Route de Gu\u00eenes\u00a0\u00bb<\/p>\n\n\n\n<ul>\n<li><strong><u>Se rapprocher de :<\/u><\/strong><\/li>\n<\/ul>\n\n\n\n<p>\u00ab\u00a0Mairie Annexe\u00a0\u00bb ou \u00ab\u00a0Pont de Coulogne\u00a0\u00bb<\/p>\n\n\n\n<p>Merci de votre compr\u00e9hension<\/p>\n\n\n\n<figure class=\"wp-block-gallery has-nested-images columns-default is-cropped wp-block-gallery-1 is-layout-flex\">\n<figure class=\"wp-block-image size-large\"><img decoding=\"async\" loading=\"lazy\" width=\"1024\" height=\"687\" data-id=\"10784\"  src=\"https:\/\/sitac.transdev-hdf.fr\/wp-content\/uploads\/2026\/09\/travaux-av-ch-de-Gaulles-Coulogne-1-1024x687.png\" alt=\"\" class=\"wp-image-10784\" srcset=\"https:\/\/sitac.transdev-hdf.fr\/wp-content\/uploads\/2026\/09\/travaux-av-ch-de-Gaulles-Coulogne-1-1024x687.png 1024w, https:\/\/sitac.transdev-hdf.fr\/wp-content\/uploads\/2026\/09\/travaux-av-ch-de-Gaulles-Coulogne-1-300x201.png 300w, https:\/\/sitac.transdev-hdf.fr\/wp-content\/uploads\/2026\/09\/travaux-av-ch-de-Gaulles-Coulogne-1-768x516.png 768w, https:\/\/sitac.transdev-hdf.fr\/wp-content\/uploads\/2026\/09\/travaux-av-ch-de-Gaulles-Coulogne-1.png 1089w\" sizes=\"(max-width: 1024px) 100vw, 1024px\" \/><\/figure>\n<\/figure>\n","protected":false},"excerpt":{"rendered":"<p>En raison de travaux av Charles de Gaulle sur la commune de Coulogne le 02\/09, la ligne 7 (par mairie annexe) sera d\u00e9vi\u00e9e uniquement dans le sens vers H\u00f4pital \u00e0 compter de 07h30. \u00ab\u00a0Pont \u00e0 3 planches\u00a0\u00bb, \u00ab\u00a0Ecole Roger Macke\u00a0\u00bb et \u00ab\u00a0Route de Gu\u00eenes\u00a0\u00bb \u00ab\u00a0Mairie Annexe\u00a0\u00bb ou \u00ab\u00a0Pont de Coulogne\u00a0\u00bb Merci de votre compr\u00e9hension<\/p>\n","protected":false},"author":4,"featured_media":0,"comment_status":"closed","ping_status":"closed","sticky":false,"template":"","format":"standard","meta":{"_expiration-date-status":"","_expiration-date":0,"_expiration-date-type":"","_expiration-date-categories":[],"_expiration-date-options":[],"_members_access_role":[],"_members_access_error":""},"categories":[17,27],"tags":[],"_links":{"self":[{"href":"https:\/\/sitac.transdev-hdf.fr\/index.php\/wp-json\/wp\/v2\/posts\/10783"}],"collection":[{"href":"https:\/\/sitac.transdev-hdf.fr\/index.php\/wp-json\/wp\/v2\/posts"}],"about":[{"href":"https:\/\/sitac.transdev-hdf.fr\/index.php\/wp-json\/wp\/v2\/types\/post"}],"author":[{"embeddable":true,"href":"https:\/\/sitac.transdev-hdf.fr\/index.php\/wp-json\/wp\/v2\/users\/4"}],"replies":[{"embeddable":true,"href":"https:\/\/sitac.transdev-hdf.fr\/index.php\/wp-json\/wp\/v2\/comments?post=10783"}],"version-history":[{"count":1,"href":"https:\/\/sitac.transdev-hdf.fr\/index.php\/wp-json\/wp\/v2\/posts\/10783\/revisions"}],"predecessor-version":[{"id":10785,"href":"https:\/\/sitac.transdev-hdf.fr\/index.php\/wp-json\/wp\/v2\/posts\/10783\/revisions\/10785"}],"wp:attachment":[{"href":"https:\/\/sitac.transdev-hdf.fr\/index.php\/wp-json\/wp\/v2\/media?parent=10783"}],"wp:term":[{"taxonomy":"category","embeddable":true,"href":"https:\/\/sitac.transdev-hdf.fr\/index.php\/wp-json\/wp\/v2\/categories?post=10783"},{"taxonomy":"post_tag","embeddable":true,"href":"https:\/\/sitac.transdev-hdf.fr\/index.php\/wp-json\/wp\/v2\/tags?post=10783"}],"curies":[{"name":"wp","href":"https:\/\/api.w.org\/{rel}","templated":true}]}}