{"id":10804,"date":"2026-09-03T08:32:29","date_gmt":"2026-09-03T08:32:29","guid":{"rendered":"https:\/\/sitac.transdev-hdf.fr\/?p=10804"},"modified":"2026-09-03T08:32:29","modified_gmt":"2026-09-03T08:32:29","slug":"perturbations-lignes-4-et-7-le-04-09-a-compter-de-17h","status":"publish","type":"post","link":"https:\/\/sitac.transdev-hdf.fr\/index.php\/2026\/09\/03\/perturbations-lignes-4-et-7-le-04-09-a-compter-de-17h\/","title":{"rendered":"Perturbations Lignes 4 et 7 &#8211; Le 04\/09 \u00e0 compter de 17h"},"content":{"rendered":"\n<p>En raison de la course \u00e0 v\u00e9lo sur l&rsquo;avenue Bl\u00e9riot \u00e0 Calais le 04\/09 \u00e0 compter de 17h00, les lignes 4 et 7 seront d\u00e9vi\u00e9es.<\/p>\n\n\n\n<ul>\n<li><strong><u>Arr\u00eats non desservis :<\/u><\/strong><\/li>\n<\/ul>\n\n\n\n<p>\u00ab\u00a0Pascal\u00a0\u00bb, \u00ab\u00a0Delaroche\u00a0\u00bb et \u00ab\u00a0Condorcet\u00a0\u00bb<\/p>\n\n\n\n<ul>\n<li><strong><u>Se rapprocher de :<\/u><\/strong><\/li>\n<\/ul>\n\n\n\n<p>\u00ab\u00a0UFR\u00a0\u00bb ou \u00ab\u00a0CPAM\u00a0\u00bb pour la ligne 4<\/p>\n\n\n\n<p>\u00ab\u00a0YSER\u00a0\u00bb pour la ligne 7.<\/p>\n\n\n\n<p>Merci de votre compr\u00e9hension.<\/p>\n\n\n\n<figure class=\"wp-block-image size-large\"><img decoding=\"async\" loading=\"lazy\" width=\"1024\" height=\"582\" src=\"https:\/\/sitac.transdev-hdf.fr\/wp-content\/uploads\/2026\/09\/Fermeture-av-Bleriot-dans-les-2-sens-2-1024x582.jpg\" alt=\"\" class=\"wp-image-10805\" srcset=\"https:\/\/sitac.transdev-hdf.fr\/wp-content\/uploads\/2026\/09\/Fermeture-av-Bleriot-dans-les-2-sens-2-1024x582.jpg 1024w, https:\/\/sitac.transdev-hdf.fr\/wp-content\/uploads\/2026\/09\/Fermeture-av-Bleriot-dans-les-2-sens-2-300x170.jpg 300w, https:\/\/sitac.transdev-hdf.fr\/wp-content\/uploads\/2026\/09\/Fermeture-av-Bleriot-dans-les-2-sens-2-768x436.jpg 768w, https:\/\/sitac.transdev-hdf.fr\/wp-content\/uploads\/2026\/09\/Fermeture-av-Bleriot-dans-les-2-sens-2.jpg 1431w\" sizes=\"(max-width: 1024px) 100vw, 1024px\" \/><\/figure>\n\n\n\n<p><\/p>\n","protected":false},"excerpt":{"rendered":"<p>En raison de la course \u00e0 v\u00e9lo sur l&rsquo;avenue Bl\u00e9riot \u00e0 Calais le 04\/09 \u00e0 compter de 17h00, les lignes 4 et 7 seront d\u00e9vi\u00e9es. \u00ab\u00a0Pascal\u00a0\u00bb, \u00ab\u00a0Delaroche\u00a0\u00bb et \u00ab\u00a0Condorcet\u00a0\u00bb \u00ab\u00a0UFR\u00a0\u00bb ou \u00ab\u00a0CPAM\u00a0\u00bb pour la ligne 4 \u00ab\u00a0YSER\u00a0\u00bb pour la ligne 7. Merci de votre compr\u00e9hension.<\/p>\n","protected":false},"author":3,"featured_media":0,"comment_status":"closed","ping_status":"closed","sticky":false,"template":"","format":"standard","meta":{"_expiration-date-status":"","_expiration-date":0,"_expiration-date-type":"","_expiration-date-categories":[],"_expiration-date-options":[],"_members_access_role":[],"_members_access_error":""},"categories":[17,24,27],"tags":[],"_links":{"self":[{"href":"https:\/\/sitac.transdev-hdf.fr\/index.php\/wp-json\/wp\/v2\/posts\/10804"}],"collection":[{"href":"https:\/\/sitac.transdev-hdf.fr\/index.php\/wp-json\/wp\/v2\/posts"}],"about":[{"href":"https:\/\/sitac.transdev-hdf.fr\/index.php\/wp-json\/wp\/v2\/types\/post"}],"author":[{"embeddable":true,"href":"https:\/\/sitac.transdev-hdf.fr\/index.php\/wp-json\/wp\/v2\/users\/3"}],"replies":[{"embeddable":true,"href":"https:\/\/sitac.transdev-hdf.fr\/index.php\/wp-json\/wp\/v2\/comments?post=10804"}],"version-history":[{"count":1,"href":"https:\/\/sitac.transdev-hdf.fr\/index.php\/wp-json\/wp\/v2\/posts\/10804\/revisions"}],"predecessor-version":[{"id":10806,"href":"https:\/\/sitac.transdev-hdf.fr\/index.php\/wp-json\/wp\/v2\/posts\/10804\/revisions\/10806"}],"wp:attachment":[{"href":"https:\/\/sitac.transdev-hdf.fr\/index.php\/wp-json\/wp\/v2\/media?parent=10804"}],"wp:term":[{"taxonomy":"category","embeddable":true,"href":"https:\/\/sitac.transdev-hdf.fr\/index.php\/wp-json\/wp\/v2\/categories?post=10804"},{"taxonomy":"post_tag","embeddable":true,"href":"https:\/\/sitac.transdev-hdf.fr\/index.php\/wp-json\/wp\/v2\/tags?post=10804"}],"curies":[{"name":"wp","href":"https:\/\/api.w.org\/{rel}","templated":true}]}}