{"id":10807,"date":"2026-09-03T11:56:17","date_gmt":"2026-09-03T11:56:17","guid":{"rendered":"https:\/\/sitac.transdev-hdf.fr\/?p=10807"},"modified":"2026-09-03T11:56:17","modified_gmt":"2026-09-03T11:56:17","slug":"perturbations-ligne-4-les-03-et-04-09","status":"publish","type":"post","link":"https:\/\/sitac.transdev-hdf.fr\/index.php\/2026\/09\/03\/perturbations-ligne-4-les-03-et-04-09\/","title":{"rendered":"Perturbations Ligne 4 &#8211; Les 03 et 04\/09"},"content":{"rendered":"\n<p>En raison de travaux rue Turpin \u00e0 Calais, la ligne 4 est d\u00e9vi\u00e9e les 03 et 04\/09 entre 08h00 et 17h00.<\/p>\n\n\n\n<ul>\n<li><strong><u>Arr\u00eats non desservis :<\/u><\/strong><\/li>\n<\/ul>\n\n\n\n<p>\u00ab\u00a0Turpin\u00a0\u00bb, \u00ab\u00a0A. Lambert\u00a0\u00bb et \u00ab\u00a0Porte de Paris\u00a0\u00bb.<\/p>\n\n\n\n<ul>\n<li><strong><u>Se rapprocher de :<\/u><\/strong><\/li>\n<\/ul>\n\n\n\n<p>\u00ab\u00a0Warocquier\u00a0\u00bb ou de l&rsquo;arr\u00eat \u00ab\u00a0Porte de Paris\u00a0\u00bb de la ligne 1 av Roger Salengro.<\/p>\n\n\n\n<p>Merci de votre compr\u00e9hension.<\/p>\n\n\n\n<figure class=\"wp-block-image size-large\"><img decoding=\"async\" loading=\"lazy\" width=\"1024\" height=\"661\" src=\"https:\/\/sitac.transdev-hdf.fr\/wp-content\/uploads\/2026\/09\/Travaux-rue-Turpin-1024x661.png\" alt=\"\" class=\"wp-image-10808\" srcset=\"https:\/\/sitac.transdev-hdf.fr\/wp-content\/uploads\/2026\/09\/Travaux-rue-Turpin-1024x661.png 1024w, https:\/\/sitac.transdev-hdf.fr\/wp-content\/uploads\/2026\/09\/Travaux-rue-Turpin-300x194.png 300w, https:\/\/sitac.transdev-hdf.fr\/wp-content\/uploads\/2026\/09\/Travaux-rue-Turpin-768x496.png 768w, https:\/\/sitac.transdev-hdf.fr\/wp-content\/uploads\/2026\/09\/Travaux-rue-Turpin.png 1437w\" sizes=\"(max-width: 1024px) 100vw, 1024px\" \/><\/figure>\n","protected":false},"excerpt":{"rendered":"<p>En raison de travaux rue Turpin \u00e0 Calais, la ligne 4 est d\u00e9vi\u00e9e les 03 et 04\/09 entre 08h00 et 17h00. \u00ab\u00a0Turpin\u00a0\u00bb, \u00ab\u00a0A. Lambert\u00a0\u00bb et \u00ab\u00a0Porte de Paris\u00a0\u00bb. \u00ab\u00a0Warocquier\u00a0\u00bb ou de l&rsquo;arr\u00eat \u00ab\u00a0Porte de Paris\u00a0\u00bb de la ligne 1 av Roger Salengro. Merci de votre compr\u00e9hension.<\/p>\n","protected":false},"author":3,"featured_media":0,"comment_status":"closed","ping_status":"closed","sticky":false,"template":"","format":"standard","meta":{"_expiration-date-status":"","_expiration-date":0,"_expiration-date-type":"","_expiration-date-categories":[],"_expiration-date-options":[],"_members_access_role":[],"_members_access_error":""},"categories":[17,24],"tags":[],"_links":{"self":[{"href":"https:\/\/sitac.transdev-hdf.fr\/index.php\/wp-json\/wp\/v2\/posts\/10807"}],"collection":[{"href":"https:\/\/sitac.transdev-hdf.fr\/index.php\/wp-json\/wp\/v2\/posts"}],"about":[{"href":"https:\/\/sitac.transdev-hdf.fr\/index.php\/wp-json\/wp\/v2\/types\/post"}],"author":[{"embeddable":true,"href":"https:\/\/sitac.transdev-hdf.fr\/index.php\/wp-json\/wp\/v2\/users\/3"}],"replies":[{"embeddable":true,"href":"https:\/\/sitac.transdev-hdf.fr\/index.php\/wp-json\/wp\/v2\/comments?post=10807"}],"version-history":[{"count":1,"href":"https:\/\/sitac.transdev-hdf.fr\/index.php\/wp-json\/wp\/v2\/posts\/10807\/revisions"}],"predecessor-version":[{"id":10809,"href":"https:\/\/sitac.transdev-hdf.fr\/index.php\/wp-json\/wp\/v2\/posts\/10807\/revisions\/10809"}],"wp:attachment":[{"href":"https:\/\/sitac.transdev-hdf.fr\/index.php\/wp-json\/wp\/v2\/media?parent=10807"}],"wp:term":[{"taxonomy":"category","embeddable":true,"href":"https:\/\/sitac.transdev-hdf.fr\/index.php\/wp-json\/wp\/v2\/categories?post=10807"},{"taxonomy":"post_tag","embeddable":true,"href":"https:\/\/sitac.transdev-hdf.fr\/index.php\/wp-json\/wp\/v2\/tags?post=10807"}],"curies":[{"name":"wp","href":"https:\/\/api.w.org\/{rel}","templated":true}]}}