{"id":10816,"date":"2026-09-04T09:36:50","date_gmt":"2026-09-04T09:36:50","guid":{"rendered":"https:\/\/sitac.transdev-hdf.fr\/?p=10816"},"modified":"2026-09-04T09:36:50","modified_gmt":"2026-09-04T09:36:50","slug":"perturbations-ligne-5-a-compter-du-07-09","status":"publish","type":"post","link":"https:\/\/sitac.transdev-hdf.fr\/index.php\/2026\/09\/04\/perturbations-ligne-5-a-compter-du-07-09\/","title":{"rendered":"Perturbations Ligne 5 &#8211; A compter du 07\/09"},"content":{"rendered":"\n<p>En raison des travaux pr\u00e9vus Bd du 08 mai et Bd de la R\u00e9sistance \u00e0 compter du 07\/09, la ligne 5 sera d\u00e9vi\u00e9e.<\/p>\n\n\n\n<ul>\n<li><strong><u>Arr\u00eats non desservis :<\/u><\/strong><\/li>\n<\/ul>\n\n\n\n<p>\u00ab\u00a0Citadelle\u00a0\u00bb, \u00ab\u00a0R\u00e9sistance\u00a0\u00bb et \u00ab\u00a0Gavet\u00a0\u00bb<\/p>\n\n\n\n<ul>\n<li><strong><u>Se rapprocher de :<\/u><\/strong><\/li>\n<\/ul>\n\n\n\n<p>\u00ab\u00a0Gare\u00a0\u00bb ou \u00ab\u00a0arr\u00eat provisoire av G\u00e9n\u00e9ral de Gaulle\u00a0\u00bb (\u00e0 proximit\u00e9 du giratoire du Risban)<\/p>\n\n\n\n<p>Merci de votre compr\u00e9hension.<\/p>\n\n\n\n<figure class=\"wp-block-image size-full\"><img decoding=\"async\" loading=\"lazy\" width=\"1013\" height=\"764\" src=\"https:\/\/sitac.transdev-hdf.fr\/wp-content\/uploads\/2026\/09\/Travaux-bd-vendroux-et-bd-Resistance.png\" alt=\"\" class=\"wp-image-10817\" srcset=\"https:\/\/sitac.transdev-hdf.fr\/wp-content\/uploads\/2026\/09\/Travaux-bd-vendroux-et-bd-Resistance.png 1013w, https:\/\/sitac.transdev-hdf.fr\/wp-content\/uploads\/2026\/09\/Travaux-bd-vendroux-et-bd-Resistance-300x226.png 300w, https:\/\/sitac.transdev-hdf.fr\/wp-content\/uploads\/2026\/09\/Travaux-bd-vendroux-et-bd-Resistance-768x579.png 768w\" sizes=\"(max-width: 1013px) 100vw, 1013px\" \/><\/figure>\n","protected":false},"excerpt":{"rendered":"<p>En raison des travaux pr\u00e9vus Bd du 08 mai et Bd de la R\u00e9sistance \u00e0 compter du 07\/09, la ligne 5 sera d\u00e9vi\u00e9e. \u00ab\u00a0Citadelle\u00a0\u00bb, \u00ab\u00a0R\u00e9sistance\u00a0\u00bb et \u00ab\u00a0Gavet\u00a0\u00bb \u00ab\u00a0Gare\u00a0\u00bb ou \u00ab\u00a0arr\u00eat provisoire av G\u00e9n\u00e9ral de Gaulle\u00a0\u00bb (\u00e0 proximit\u00e9 du giratoire du Risban) Merci de votre compr\u00e9hension.<\/p>\n","protected":false},"author":3,"featured_media":0,"comment_status":"closed","ping_status":"closed","sticky":false,"template":"","format":"standard","meta":{"_expiration-date-status":"","_expiration-date":0,"_expiration-date-type":"","_expiration-date-categories":[],"_expiration-date-options":[],"_members_access_role":[],"_members_access_error":""},"categories":[17,25],"tags":[],"_links":{"self":[{"href":"https:\/\/sitac.transdev-hdf.fr\/index.php\/wp-json\/wp\/v2\/posts\/10816"}],"collection":[{"href":"https:\/\/sitac.transdev-hdf.fr\/index.php\/wp-json\/wp\/v2\/posts"}],"about":[{"href":"https:\/\/sitac.transdev-hdf.fr\/index.php\/wp-json\/wp\/v2\/types\/post"}],"author":[{"embeddable":true,"href":"https:\/\/sitac.transdev-hdf.fr\/index.php\/wp-json\/wp\/v2\/users\/3"}],"replies":[{"embeddable":true,"href":"https:\/\/sitac.transdev-hdf.fr\/index.php\/wp-json\/wp\/v2\/comments?post=10816"}],"version-history":[{"count":1,"href":"https:\/\/sitac.transdev-hdf.fr\/index.php\/wp-json\/wp\/v2\/posts\/10816\/revisions"}],"predecessor-version":[{"id":10818,"href":"https:\/\/sitac.transdev-hdf.fr\/index.php\/wp-json\/wp\/v2\/posts\/10816\/revisions\/10818"}],"wp:attachment":[{"href":"https:\/\/sitac.transdev-hdf.fr\/index.php\/wp-json\/wp\/v2\/media?parent=10816"}],"wp:term":[{"taxonomy":"category","embeddable":true,"href":"https:\/\/sitac.transdev-hdf.fr\/index.php\/wp-json\/wp\/v2\/categories?post=10816"},{"taxonomy":"post_tag","embeddable":true,"href":"https:\/\/sitac.transdev-hdf.fr\/index.php\/wp-json\/wp\/v2\/tags?post=10816"}],"curies":[{"name":"wp","href":"https:\/\/api.w.org\/{rel}","templated":true}]}}