{"id":10820,"date":"2026-09-04T13:24:17","date_gmt":"2026-09-04T13:24:17","guid":{"rendered":"https:\/\/sitac.transdev-hdf.fr\/?p=10820"},"modified":"2026-09-04T14:26:23","modified_gmt":"2026-09-04T14:26:23","slug":"perturbations-baladin-a-compter-du-07-09","status":"publish","type":"post","link":"https:\/\/sitac.transdev-hdf.fr\/index.php\/2026\/09\/04\/perturbations-baladin-a-compter-du-07-09\/","title":{"rendered":"Perturbations Balad&rsquo;in \u00e0 compter du 07\/09"},"content":{"rendered":"\n<p>En raison de travaux pr\u00e9vus place du Mar\u00e9chal Foch \u00e0 compter du 07\/09, le service Balad&rsquo;in sera d\u00e9vi\u00e9e uniquement dans le sens vers Quai du Commerce.<\/p>\n\n\n\n<ul>\n<li><strong><u>Arr\u00eat non desservi :<\/u><\/strong><\/li>\n<\/ul>\n\n\n\n<p>\u00ab\u00a0Richelieu\u00a0\u00bb (vers quai du Commerce)<\/p>\n\n\n\n<ul>\n<li><strong><u>Se rapprocher de :<\/u><\/strong><\/li>\n<\/ul>\n\n\n\n<p>\u00ab\u00a0Royale\u00a0\u00bb ou \u00ab\u00a0Gare\u00a0\u00bb<\/p>\n\n\n\n<p>Merci de votre compr\u00e9hension<\/p>\n\n\n\n<figure class=\"wp-block-gallery has-nested-images columns-default is-cropped wp-block-gallery-1 is-layout-flex\">\n<figure class=\"wp-block-image size-large\"><img decoding=\"async\" loading=\"lazy\" width=\"813\" height=\"1024\" data-id=\"10822\"  src=\"https:\/\/sitac.transdev-hdf.fr\/wp-content\/uploads\/2026\/09\/Travaux-pl-Foch-vers-Gare-1-813x1024.png\" alt=\"\" class=\"wp-image-10822\" srcset=\"https:\/\/sitac.transdev-hdf.fr\/wp-content\/uploads\/2026\/09\/Travaux-pl-Foch-vers-Gare-1-813x1024.png 813w, https:\/\/sitac.transdev-hdf.fr\/wp-content\/uploads\/2026\/09\/Travaux-pl-Foch-vers-Gare-1-238x300.png 238w, https:\/\/sitac.transdev-hdf.fr\/wp-content\/uploads\/2026\/09\/Travaux-pl-Foch-vers-Gare-1-768x967.png 768w, https:\/\/sitac.transdev-hdf.fr\/wp-content\/uploads\/2026\/09\/Travaux-pl-Foch-vers-Gare-1.png 838w\" sizes=\"(max-width: 813px) 100vw, 813px\" \/><\/figure>\n<\/figure>\n","protected":false},"excerpt":{"rendered":"<p>En raison de travaux pr\u00e9vus place du Mar\u00e9chal Foch \u00e0 compter du 07\/09, le service Balad&rsquo;in sera d\u00e9vi\u00e9e uniquement dans le sens vers Quai du Commerce. \u00ab\u00a0Richelieu\u00a0\u00bb (vers quai du Commerce) \u00ab\u00a0Royale\u00a0\u00bb ou \u00ab\u00a0Gare\u00a0\u00bb Merci de votre compr\u00e9hension<\/p>\n","protected":false},"author":5,"featured_media":0,"comment_status":"closed","ping_status":"closed","sticky":false,"template":"","format":"standard","meta":{"_expiration-date-status":"","_expiration-date":0,"_expiration-date-type":"","_expiration-date-categories":[],"_expiration-date-options":[],"_members_access_role":[],"_members_access_error":""},"categories":[17,35],"tags":[],"_links":{"self":[{"href":"https:\/\/sitac.transdev-hdf.fr\/index.php\/wp-json\/wp\/v2\/posts\/10820"}],"collection":[{"href":"https:\/\/sitac.transdev-hdf.fr\/index.php\/wp-json\/wp\/v2\/posts"}],"about":[{"href":"https:\/\/sitac.transdev-hdf.fr\/index.php\/wp-json\/wp\/v2\/types\/post"}],"author":[{"embeddable":true,"href":"https:\/\/sitac.transdev-hdf.fr\/index.php\/wp-json\/wp\/v2\/users\/5"}],"replies":[{"embeddable":true,"href":"https:\/\/sitac.transdev-hdf.fr\/index.php\/wp-json\/wp\/v2\/comments?post=10820"}],"version-history":[{"count":1,"href":"https:\/\/sitac.transdev-hdf.fr\/index.php\/wp-json\/wp\/v2\/posts\/10820\/revisions"}],"predecessor-version":[{"id":10823,"href":"https:\/\/sitac.transdev-hdf.fr\/index.php\/wp-json\/wp\/v2\/posts\/10820\/revisions\/10823"}],"wp:attachment":[{"href":"https:\/\/sitac.transdev-hdf.fr\/index.php\/wp-json\/wp\/v2\/media?parent=10820"}],"wp:term":[{"taxonomy":"category","embeddable":true,"href":"https:\/\/sitac.transdev-hdf.fr\/index.php\/wp-json\/wp\/v2\/categories?post=10820"},{"taxonomy":"post_tag","embeddable":true,"href":"https:\/\/sitac.transdev-hdf.fr\/index.php\/wp-json\/wp\/v2\/tags?post=10820"}],"curies":[{"name":"wp","href":"https:\/\/api.w.org\/{rel}","templated":true}]}}