{"id":1745,"date":"2020-05-11T08:17:01","date_gmt":"2020-05-11T08:17:01","guid":{"rendered":"https:\/\/sitac.transdev-hdf.fr\/?p=1745"},"modified":"2024-03-22T13:37:38","modified_gmt":"2024-03-22T13:37:38","slug":"le-pole-dechanges-multimodal","status":"publish","type":"post","link":"https:\/\/sitac.transdev-hdf.fr\/index.php\/2020\/05\/11\/le-pole-dechanges-multimodal\/","title":{"rendered":"Le P\u00f4le D\u2019\u00c9changes Multimodal"},"content":{"rendered":"\n<figure class=\"wp-block-image alignwide size-large\"><img decoding=\"async\" loading=\"lazy\" width=\"1024\" height=\"271\" src=\"https:\/\/sitac.transdev-hdf.fr\/wp-content\/uploads\/2020\/09\/RubriqueMovin-SiteSEPTEMBRE2020-NEWVERSION-COB-02-1024x271.jpg\" alt=\"\" class=\"wp-image-2924\" srcset=\"https:\/\/sitac.transdev-hdf.fr\/wp-content\/uploads\/2020\/09\/RubriqueMovin-SiteSEPTEMBRE2020-NEWVERSION-COB-02-1024x271.jpg 1024w, https:\/\/sitac.transdev-hdf.fr\/wp-content\/uploads\/2020\/09\/RubriqueMovin-SiteSEPTEMBRE2020-NEWVERSION-COB-02-300x79.jpg 300w, https:\/\/sitac.transdev-hdf.fr\/wp-content\/uploads\/2020\/09\/RubriqueMovin-SiteSEPTEMBRE2020-NEWVERSION-COB-02-768x203.jpg 768w, https:\/\/sitac.transdev-hdf.fr\/wp-content\/uploads\/2020\/09\/RubriqueMovin-SiteSEPTEMBRE2020-NEWVERSION-COB-02-1536x406.jpg 1536w, https:\/\/sitac.transdev-hdf.fr\/wp-content\/uploads\/2020\/09\/RubriqueMovin-SiteSEPTEMBRE2020-NEWVERSION-COB-02-1568x415.jpg 1568w, https:\/\/sitac.transdev-hdf.fr\/wp-content\/uploads\/2020\/09\/RubriqueMovin-SiteSEPTEMBRE2020-NEWVERSION-COB-02.jpg 1693w\" sizes=\"(max-width: 1024px) 100vw, 1024px\" \/><\/figure>\n\n\n\n<p>Le projet pr\u00e9voit le d\u00e9placement de la gare routi\u00e8re actuelle du r\u00e9seau vers la gare SNCF (Calais-Ville) en vue de cr\u00e9er un v\u00e9ritable P\u00f4le d&rsquo;Echanges Multimodal par lequel transitera notamment la ligne de&nbsp;Transport en Commun en Site Propre.<br><br>Avec le d\u00e9placement de la gare routi\u00e8re &#8211; actuellement situ\u00e9e place du th\u00e9\u00e2tre &#8211; vers la gare de Calais-Ville, il deviendra plus simple de combiner l&rsquo;ensemble des modes de transports.<br><br>Le projet pr\u00e9voit notamment:<\/p>\n\n\n\n<ul>\n<li>un r\u00e9am\u00e9nagement des espaces d\u00e9di\u00e9s \u00e0 chaque mode de transport (lignes de bus du r\u00e9seau urbain, voitures, v\u00e9los, pi\u00e9tons) depuis le rond-point Jefferson.<\/li>\n\n\n\n<li>&nbsp;la reconqu\u00eate des berges, avec notamment la cr\u00e9ation d&rsquo;un escalier panoramique depuis le quai du Rhin vers le quai du Danube qui passe en sens unique de circulation et o\u00f9 une piste cyclable bidirectionnelle sera cr\u00e9\u00e9e.<\/li>\n\n\n\n<li>la cr\u00e9ation de 10 quais d\u00e9di\u00e9s aux bus du r\u00e9seau urbain (+ 2 quais pour les bus de la R\u00e9gion) avec de l&rsquo;information dynamique en temps r\u00e9el permettant \u00e0 nos usagers de mieux se rep\u00e9rer.<\/li>\n\n\n\n<li>la cr\u00e9ation d&rsquo;un jardin paysager au c\u0153ur des stations de bus pour allier attente et d\u00e9tente.<br>Le r\u00e9am\u00e9nagement des places de stationnement avec notamment la cr\u00e9ation \u00e0 l&rsquo;ouest du p\u00f4le bus d&rsquo;un parking d&rsquo;environ 70 places de stationnement.<\/li>\n\n\n\n<li>sur le parvis:\n<ul>\n<li>la cr\u00e9ation d&rsquo;une zone d&rsquo;attente, d&rsquo;un garage \u00e0 v\u00e9los s\u00e9curis\u00e9s et le repositionnement des stations de v\u00e9los en libre-service au plus pr\u00e8s du b\u00e2timent voyageurs.<\/li>\n\n\n\n<li> le maintien d&rsquo;une zone de stationnement d\u00e9di\u00e9e aux taxis et la cr\u00e9ation de places de stationnement de courte dur\u00e9e.<\/li>\n<\/ul>\n<\/li>\n\n\n\n<li>un apaisement de la circulation au niveau du parvis et des habitations quais du Rhin.<\/li>\n<\/ul>\n\n\n\n<h3 class=\"wp-block-heading\"><mark style=\"background-color:rgba(0, 0, 0, 0);color:#993467\" class=\"has-inline-color\">Les grandes \u00e9tapes :<\/mark><\/h3>\n\n\n\n<ul>\n<li><strong>Janvier 2018 &#8211; septembre 2019 :<\/strong> R\u00e9alisation des \u00e9tudes<\/li>\n\n\n\n<li><strong>Octobre 2019 &#8211; mars 2020 :<\/strong> Consultation et d\u00e9signation des entreprises de travaux<\/li>\n\n\n\n<li><strong>Juin 2020 &#8211; Fin 2021 :<\/strong> Travaux pr\u00e9paratoires et am\u00e9nagement du PEM Gare<\/li>\n<\/ul>\n\n\n\n<figure class=\"wp-block-gallery alignwide has-nested-images columns-default is-cropped wp-block-gallery-1 is-layout-flex\">\n<figure class=\"wp-block-image size-large\"><img decoding=\"async\" loading=\"lazy\" width=\"1024\" height=\"576\" data-id=\"3870\"  src=\"https:\/\/sitac.transdev-hdf.fr\/wp-content\/uploads\/2020\/05\/SITAC_IMG018-1024x576.jpg\" alt=\"\" class=\"wp-image-3870\" srcset=\"https:\/\/sitac.transdev-hdf.fr\/wp-content\/uploads\/2020\/05\/SITAC_IMG018-1024x576.jpg 1024w, https:\/\/sitac.transdev-hdf.fr\/wp-content\/uploads\/2020\/05\/SITAC_IMG018-300x169.jpg 300w, https:\/\/sitac.transdev-hdf.fr\/wp-content\/uploads\/2020\/05\/SITAC_IMG018-768x432.jpg 768w, https:\/\/sitac.transdev-hdf.fr\/wp-content\/uploads\/2020\/05\/SITAC_IMG018-1536x864.jpg 1536w, https:\/\/sitac.transdev-hdf.fr\/wp-content\/uploads\/2020\/05\/SITAC_IMG018-1568x882.jpg 1568w, https:\/\/sitac.transdev-hdf.fr\/wp-content\/uploads\/2020\/05\/SITAC_IMG018.jpg 1920w\" sizes=\"(max-width: 1024px) 100vw, 1024px\" \/><\/figure>\n\n\n\n<figure class=\"wp-block-image size-large\"><img decoding=\"async\" loading=\"lazy\" width=\"1024\" height=\"576\" data-id=\"3869\"  src=\"https:\/\/sitac.transdev-hdf.fr\/wp-content\/uploads\/2020\/05\/SITAC_IMG013-1024x576.jpg\" alt=\"\" class=\"wp-image-3869\" srcset=\"https:\/\/sitac.transdev-hdf.fr\/wp-content\/uploads\/2020\/05\/SITAC_IMG013-1024x576.jpg 1024w, https:\/\/sitac.transdev-hdf.fr\/wp-content\/uploads\/2020\/05\/SITAC_IMG013-300x169.jpg 300w, https:\/\/sitac.transdev-hdf.fr\/wp-content\/uploads\/2020\/05\/SITAC_IMG013-768x432.jpg 768w, https:\/\/sitac.transdev-hdf.fr\/wp-content\/uploads\/2020\/05\/SITAC_IMG013-1536x864.jpg 1536w, https:\/\/sitac.transdev-hdf.fr\/wp-content\/uploads\/2020\/05\/SITAC_IMG013-1568x882.jpg 1568w, https:\/\/sitac.transdev-hdf.fr\/wp-content\/uploads\/2020\/05\/SITAC_IMG013.jpg 1920w\" sizes=\"(max-width: 1024px) 100vw, 1024px\" \/><\/figure>\n\n\n\n<figure class=\"wp-block-image size-large\"><img decoding=\"async\" loading=\"lazy\" width=\"1024\" height=\"576\" data-id=\"3868\"  src=\"https:\/\/sitac.transdev-hdf.fr\/wp-content\/uploads\/2020\/05\/CALAIS_PEM_SN_PARVIS_IMG-1-1024x576.jpg\" alt=\"\" class=\"wp-image-3868\" srcset=\"https:\/\/sitac.transdev-hdf.fr\/wp-content\/uploads\/2020\/05\/CALAIS_PEM_SN_PARVIS_IMG-1-1024x576.jpg 1024w, https:\/\/sitac.transdev-hdf.fr\/wp-content\/uploads\/2020\/05\/CALAIS_PEM_SN_PARVIS_IMG-1-300x169.jpg 300w, https:\/\/sitac.transdev-hdf.fr\/wp-content\/uploads\/2020\/05\/CALAIS_PEM_SN_PARVIS_IMG-1-768x432.jpg 768w, https:\/\/sitac.transdev-hdf.fr\/wp-content\/uploads\/2020\/05\/CALAIS_PEM_SN_PARVIS_IMG-1-1536x864.jpg 1536w, https:\/\/sitac.transdev-hdf.fr\/wp-content\/uploads\/2020\/05\/CALAIS_PEM_SN_PARVIS_IMG-1-1568x882.jpg 1568w, https:\/\/sitac.transdev-hdf.fr\/wp-content\/uploads\/2020\/05\/CALAIS_PEM_SN_PARVIS_IMG-1.jpg 1920w\" sizes=\"(max-width: 1024px) 100vw, 1024px\" \/><\/figure>\n\n\n\n<figure class=\"wp-block-image size-large\"><img decoding=\"async\" loading=\"lazy\" width=\"1024\" height=\"576\" data-id=\"3867\"  src=\"https:\/\/sitac.transdev-hdf.fr\/wp-content\/uploads\/2020\/05\/CALAIS_PEM_SN_MARQUISES_IMG-3-1024x576.jpg\" alt=\"\" class=\"wp-image-3867\" srcset=\"https:\/\/sitac.transdev-hdf.fr\/wp-content\/uploads\/2020\/05\/CALAIS_PEM_SN_MARQUISES_IMG-3-1024x576.jpg 1024w, https:\/\/sitac.transdev-hdf.fr\/wp-content\/uploads\/2020\/05\/CALAIS_PEM_SN_MARQUISES_IMG-3-300x169.jpg 300w, https:\/\/sitac.transdev-hdf.fr\/wp-content\/uploads\/2020\/05\/CALAIS_PEM_SN_MARQUISES_IMG-3-768x432.jpg 768w, https:\/\/sitac.transdev-hdf.fr\/wp-content\/uploads\/2020\/05\/CALAIS_PEM_SN_MARQUISES_IMG-3-1536x864.jpg 1536w, https:\/\/sitac.transdev-hdf.fr\/wp-content\/uploads\/2020\/05\/CALAIS_PEM_SN_MARQUISES_IMG-3-1568x882.jpg 1568w, https:\/\/sitac.transdev-hdf.fr\/wp-content\/uploads\/2020\/05\/CALAIS_PEM_SN_MARQUISES_IMG-3.jpg 1920w\" sizes=\"(max-width: 1024px) 100vw, 1024px\" \/><\/figure>\n\n\n\n<figure class=\"wp-block-image size-large\"><img decoding=\"async\" loading=\"lazy\" width=\"1024\" height=\"576\" data-id=\"3866\"  src=\"https:\/\/sitac.transdev-hdf.fr\/wp-content\/uploads\/2020\/05\/CALAIS_PEM_SN_MARQUISES_IMG-2-1024x576.jpg\" alt=\"\" class=\"wp-image-3866\" srcset=\"https:\/\/sitac.transdev-hdf.fr\/wp-content\/uploads\/2020\/05\/CALAIS_PEM_SN_MARQUISES_IMG-2-1024x576.jpg 1024w, https:\/\/sitac.transdev-hdf.fr\/wp-content\/uploads\/2020\/05\/CALAIS_PEM_SN_MARQUISES_IMG-2-300x169.jpg 300w, https:\/\/sitac.transdev-hdf.fr\/wp-content\/uploads\/2020\/05\/CALAIS_PEM_SN_MARQUISES_IMG-2-768x432.jpg 768w, https:\/\/sitac.transdev-hdf.fr\/wp-content\/uploads\/2020\/05\/CALAIS_PEM_SN_MARQUISES_IMG-2-1536x864.jpg 1536w, https:\/\/sitac.transdev-hdf.fr\/wp-content\/uploads\/2020\/05\/CALAIS_PEM_SN_MARQUISES_IMG-2-1568x882.jpg 1568w, https:\/\/sitac.transdev-hdf.fr\/wp-content\/uploads\/2020\/05\/CALAIS_PEM_SN_MARQUISES_IMG-2.jpg 1920w\" sizes=\"(max-width: 1024px) 100vw, 1024px\" \/><\/figure>\n\n\n\n<figure class=\"wp-block-image size-large\"><img decoding=\"async\" loading=\"lazy\" width=\"1024\" height=\"576\" data-id=\"3298\"  src=\"https:\/\/sitac.transdev-hdf.fr\/wp-content\/uploads\/2020\/10\/CALAIS-BUFFET-V0-1-1024x576.jpg\" alt=\"\" class=\"wp-image-3298\"\/><\/figure>\n\n\n\n<figure class=\"wp-block-image size-large\"><img decoding=\"async\" loading=\"lazy\" width=\"1024\" height=\"576\" data-id=\"3299\"  src=\"https:\/\/sitac.transdev-hdf.fr\/wp-content\/uploads\/2020\/10\/IMG_01-1024x576.jpg\" alt=\"\" class=\"wp-image-3299\"\/><\/figure>\n<\/figure>\n","protected":false},"excerpt":{"rendered":"<p>Le projet pr\u00e9voit le d\u00e9placement de la gare routi\u00e8re actuelle du r\u00e9seau vers la gare SNCF (Calais-Ville) en vue de cr\u00e9er un v\u00e9ritable P\u00f4le d&rsquo;Echanges Multimodal par lequel transitera notamment la ligne de&nbsp;Transport en Commun en Site Propre. Avec le d\u00e9placement de la gare routi\u00e8re &#8211; actuellement situ\u00e9e place du th\u00e9\u00e2tre &#8211; vers la gare &hellip; <\/p>\n<p class=\"link-more\"><a href=\"https:\/\/sitac.transdev-hdf.fr\/index.php\/2020\/05\/11\/le-pole-dechanges-multimodal\/\" class=\"more-link\">Continuer la lecture <span class=\"screen-reader-text\"> \u00ab\u00a0Le P\u00f4le D\u2019\u00c9changes Multimodal\u00a0\u00bb<\/span><\/a><\/p>\n","protected":false},"author":1,"featured_media":6861,"comment_status":"closed","ping_status":"closed","sticky":false,"template":"","format":"standard","meta":{"_expiration-date-status":"","_expiration-date":1711715699,"_expiration-date-type":"draft","_expiration-date-categories":[],"_expiration-date-options":[]},"categories":[18],"tags":[],"_links":{"self":[{"href":"https:\/\/sitac.transdev-hdf.fr\/index.php\/wp-json\/wp\/v2\/posts\/1745"}],"collection":[{"href":"https:\/\/sitac.transdev-hdf.fr\/index.php\/wp-json\/wp\/v2\/posts"}],"about":[{"href":"https:\/\/sitac.transdev-hdf.fr\/index.php\/wp-json\/wp\/v2\/types\/post"}],"author":[{"embeddable":true,"href":"https:\/\/sitac.transdev-hdf.fr\/index.php\/wp-json\/wp\/v2\/users\/1"}],"replies":[{"embeddable":true,"href":"https:\/\/sitac.transdev-hdf.fr\/index.php\/wp-json\/wp\/v2\/comments?post=1745"}],"version-history":[{"count":22,"href":"https:\/\/sitac.transdev-hdf.fr\/index.php\/wp-json\/wp\/v2\/posts\/1745\/revisions"}],"predecessor-version":[{"id":6862,"href":"https:\/\/sitac.transdev-hdf.fr\/index.php\/wp-json\/wp\/v2\/posts\/1745\/revisions\/6862"}],"wp:featuredmedia":[{"embeddable":true,"href":"https:\/\/sitac.transdev-hdf.fr\/index.php\/wp-json\/wp\/v2\/media\/6861"}],"wp:attachment":[{"href":"https:\/\/sitac.transdev-hdf.fr\/index.php\/wp-json\/wp\/v2\/media?parent=1745"}],"wp:term":[{"taxonomy":"category","embeddable":true,"href":"https:\/\/sitac.transdev-hdf.fr\/index.php\/wp-json\/wp\/v2\/categories?post=1745"},{"taxonomy":"post_tag","embeddable":true,"href":"https:\/\/sitac.transdev-hdf.fr\/index.php\/wp-json\/wp\/v2\/tags?post=1745"}],"curies":[{"name":"wp","href":"https:\/\/api.w.org\/{rel}","templated":true}]}}